{"id":294,"date":"2010-08-01T13:06:50","date_gmt":"2010-08-01T13:06:50","guid":{"rendered":"http:\/\/www.cetam.fr\/site\/?p=294"},"modified":"2010-08-01T13:06:50","modified_gmt":"2010-08-01T13:06:50","slug":"analyses-des-miels","status":"publish","type":"post","link":"http:\/\/cetam.fr\/site\/2010\/08\/01\/analyses-des-miels\/","title":{"rendered":"Analyses des miels"},"content":{"rendered":"<p>\u00a0<\/p>\n<p>Le laboratoire d&rsquo;analyse du CETAM-Lorraine analyse vos miels toute l&rsquo;ann\u00e9e<br \/>\nQualit\u00e9, appellation, adult\u00e9ration\u2026\u00a0Nos services sont \u00e0 la disposition de l&rsquo;ensemble des apiculteurs et acteurs de la fili\u00e8re \u00ab\u00a0miel\u00a0\u00bb de France. Notre comp\u00e9tence est largement reconnue au del\u00e0 des fronti\u00e8res de notre pays. De nombreuses structures europ\u00e9ennes et extra europ\u00e9ennes font \u00e9galement appel \u00e0 nos services.<br \/>\nNous disposons d&rsquo;une banque de donn\u00e9es de pollen de plus de 40 000 images issus de la flore de toute la plan\u00e8te ce qui nous am\u00e8ne \u00e0 faire des expertises d&rsquo;origine g\u00e9ographique.<\/p>\n<p>Nous analysons \u00e9galement les pollens de la gel\u00e9e royale, les pollens en pelotes et le pain d&rsquo;abeille\u2026<\/p>\n<p>Consultez nos tarifs\u2026<\/p>\n<p>Depuis cette ann\u00e9e, dosage de l&rsquo;humidit\u00e9 dans le pollen et la gel\u00e9e royale\u2026<\/p>\n<p><img decoding=\"async\" loading=\"lazy\" class=\"aligncenter size-full wp-image-349\" title=\"PS\" src=\"http:\/\/www.cetam.fr\/site\/wp-content\/uploads\/2010\/07\/PS.jpg\" alt=\"\" width=\"300\" height=\"351\" \/><\/p>\n<p>Paul SCHWEITZER, Directeur du Laboratoire<\/p>\n","protected":false},"excerpt":{"rendered":"<p>\u00a0 Le laboratoire d&rsquo;analyse du CETAM-Lorraine analyse vos miels toute l&rsquo;ann\u00e9e Qualit\u00e9, appellation, adult\u00e9ration\u2026\u00a0Nos services sont \u00e0 la disposition de l&rsquo;ensemble des apiculteurs et acteurs de la fili\u00e8re \u00ab\u00a0miel\u00a0\u00bb de France. Notre comp\u00e9tence est largement reconnue au del\u00e0 des fronti\u00e8res de notre pays. De nombreuses structures europ\u00e9ennes et extra europ\u00e9ennes font \u00e9galement appel \u00e0 nos [&hellip;]<\/p>\n","protected":false},"author":1,"featured_media":0,"comment_status":"open","ping_status":"open","sticky":false,"template":"","format":"standard","meta":[],"categories":[8,10],"tags":[22,61,69],"_links":{"self":[{"href":"http:\/\/cetam.fr\/site\/wp-json\/wp\/v2\/posts\/294"}],"collection":[{"href":"http:\/\/cetam.fr\/site\/wp-json\/wp\/v2\/posts"}],"about":[{"href":"http:\/\/cetam.fr\/site\/wp-json\/wp\/v2\/types\/post"}],"author":[{"embeddable":true,"href":"http:\/\/cetam.fr\/site\/wp-json\/wp\/v2\/users\/1"}],"replies":[{"embeddable":true,"href":"http:\/\/cetam.fr\/site\/wp-json\/wp\/v2\/comments?post=294"}],"version-history":[{"count":0,"href":"http:\/\/cetam.fr\/site\/wp-json\/wp\/v2\/posts\/294\/revisions"}],"wp:attachment":[{"href":"http:\/\/cetam.fr\/site\/wp-json\/wp\/v2\/media?parent=294"}],"wp:term":[{"taxonomy":"category","embeddable":true,"href":"http:\/\/cetam.fr\/site\/wp-json\/wp\/v2\/categories?post=294"},{"taxonomy":"post_tag","embeddable":true,"href":"http:\/\/cetam.fr\/site\/wp-json\/wp\/v2\/tags?post=294"}],"curies":[{"name":"wp","href":"https:\/\/api.w.org\/{rel}","templated":true}]}}